{"id":3961,"date":"2017-09-19T20:24:53","date_gmt":"2017-09-19T20:24:53","guid":{"rendered":"http:\/\/premiumbymasifill.com\/?p=3961"},"modified":"2017-11-22T10:10:25","modified_gmt":"2017-11-22T10:10:25","slug":"designing-a-better-home-workspace-2-2","status":"publish","type":"post","link":"https:\/\/premiumbymasifill.com\/ca\/designing-a-better-home-workspace-2-2\/","title":{"rendered":"Organitzadors Professionals. El valor de l&#8217;ordre i l&#8217;organitzaci\u00f3"},"content":{"rendered":"<p><em><strong>ESPAIS by Anna Balagu\u00e9 &amp; Llu\u00efsa Esp\u00edn.<\/strong><\/em><\/p>\n<p>&nbsp;<\/p>\n<p>El temps \u00e9s el valor m\u00e9s preuat en els nostres dies i \u00e9s del que m\u00e9s ens manca. Els Organitzadors Professionals apareixen al mercat ajudant-lo a posar en valor el seu temps i facilitant-aquestes tasques que s&#8217;acumulen fins portar-lo a una situaci\u00f3 descontrolada.<\/p>\n<p>&nbsp;<\/p>\n<p><strong>Una bona planificaci\u00f3 \u00e9s fonamental per a una mudan\u00e7a i per comen\u00e7ar una nova etapa de vida a una nova llar.<\/strong><\/p>\n<p>&nbsp;<\/p>\n<p>La tasca de l&#8217;Organitzador Professional consisteix a ajudar a planificar tots i cadascun dels detalls amb la finalitat que vost\u00e8 no s&#8217;hagi de preocupar de tasques per a les que aquests professionals estan ben preparats.<\/p>\n<p>&nbsp;<\/p>\n<p>Interiorisme, gesti\u00f3 de la mudan\u00e7a, servei de Home Personal Shopper per a qualsevol estada de la seva llar, organitzaci\u00f3 i ordre d&#8217;armaris, harmonitzaci\u00f3 d&#8217;estades a trav\u00e9s dels t\u00e8xtils i complements adequats per a cada lloc, optimitzaci\u00f3 dels espais. Totes aquestes tasques les executa un Organitzador Professional i a m\u00e9s ens estalvia temps perqu\u00e8 s&#8217;encarrega de la recerca d&#8217;especialistes i de fer diferents propostes perqu\u00e8 el client tri\u00ef la que m\u00e9s s&#8217;ajusti a les seves necessitats. El servei de Personal Home Shopper abasta fins i tot al parament de la llar i complements t\u00e8xtils ja que s&#8217;encarreguen de subministrar al domicili del client o si ho prefereixen els acompanya en l&#8217;assessorament de les seves compres. Vost\u00e8 decideix!<\/p>\n<p>&nbsp;<\/p>\n<p><strong>Una figura que apareix especialitzada en l&#8217;ordre dels vestidors i armaris. \u00c9s important\u00edssim aixecar al mat\u00ed i a l&#8217;hora de vestir-nos haver de rebuscar en els armaris que peces ens posarem. Cal seguir un criteri, un m\u00e8tode, i hi ha diferents trucs per tenir el vestidor en ordre perqu\u00e8 el seu dia a dia sigui m\u00e9s f\u00e0cil.<\/strong><\/p>\n<p>&nbsp;<\/p>\n<p>La tasca m\u00e9s important dels Organitzadors Professionals \u00e9s resoldre les necessitats de les persones que estan molt ocupades i necessiten serveis espec\u00edfics.<\/p>\n<p>&nbsp;<\/p>\n<p><strong>El punt fort de l&#8217;Organitzador Professional \u00e9s la resoluci\u00f3 de problemes. Quan vost\u00e8 contracta els seus serveis, vost\u00e8 exposa les seves necessitats i ells hi s\u00f3n per proposar-li solucions.<\/strong><\/p>\n<p>&nbsp;<\/p>\n<p>Una professi\u00f3 que est\u00e0 en auge, perqu\u00e8 la societat els necessita.<\/p>","protected":false},"excerpt":{"rendered":"<p>ESPAIS by Anna Balagu\u00e9 &amp; Llu\u00efsa Esp\u00edn. &nbsp; El temps \u00e9s el valor m\u00e9s preuat en els nostres dies i \u00e9s del que m\u00e9s ens manca. Els Organitzadors Professionals apareixen al mercat ajudant-lo a posar en valor el seu temps i facilitant-aquestes tasques que s&#8217;acumulen&#8230;<\/p>\n","protected":false},"author":1,"featured_media":4233,"comment_status":"open","ping_status":"open","sticky":false,"template":"","format":"standard","meta":{"_acf_changed":false,"footnotes":"","_links_to":"","_links_to_target":""},"categories":[1],"tags":[12,13,14,15],"class_list":["post-3961","post","type-post","status-publish","format-standard","has-post-thumbnail","hentry","category-uncategorized","tag-leisure","tag-offices","tag-public-space","tag-residential"],"acf":[],"aioseo_notices":[],"_links":{"self":[{"href":"https:\/\/premiumbymasifill.com\/ca\/wp-json\/wp\/v2\/posts\/3961","targetHints":{"allow":["GET"]}}],"collection":[{"href":"https:\/\/premiumbymasifill.com\/ca\/wp-json\/wp\/v2\/posts"}],"about":[{"href":"https:\/\/premiumbymasifill.com\/ca\/wp-json\/wp\/v2\/types\/post"}],"author":[{"embeddable":true,"href":"https:\/\/premiumbymasifill.com\/ca\/wp-json\/wp\/v2\/users\/1"}],"replies":[{"embeddable":true,"href":"https:\/\/premiumbymasifill.com\/ca\/wp-json\/wp\/v2\/comments?post=3961"}],"version-history":[{"count":15,"href":"https:\/\/premiumbymasifill.com\/ca\/wp-json\/wp\/v2\/posts\/3961\/revisions"}],"predecessor-version":[{"id":4738,"href":"https:\/\/premiumbymasifill.com\/ca\/wp-json\/wp\/v2\/posts\/3961\/revisions\/4738"}],"wp:featuredmedia":[{"embeddable":true,"href":"https:\/\/premiumbymasifill.com\/ca\/wp-json\/wp\/v2\/media\/4233"}],"wp:attachment":[{"href":"https:\/\/premiumbymasifill.com\/ca\/wp-json\/wp\/v2\/media?parent=3961"}],"wp:term":[{"taxonomy":"category","embeddable":true,"href":"https:\/\/premiumbymasifill.com\/ca\/wp-json\/wp\/v2\/categories?post=3961"},{"taxonomy":"post_tag","embeddable":true,"href":"https:\/\/premiumbymasifill.com\/ca\/wp-json\/wp\/v2\/tags?post=3961"}],"curies":[{"name":"wp","href":"https:\/\/api.w.org\/{rel}","templated":true}]}}